{"id":619,"date":"2021-01-15T13:51:33","date_gmt":"2021-01-15T13:51:33","guid":{"rendered":"https:\/\/novo2.drandremansano.com.br\/?p=619"},"modified":"2021-01-15T13:51:33","modified_gmt":"2021-01-15T13:51:33","slug":"cefaleia-hipnica","status":"publish","type":"post","link":"https:\/\/drandremansano.com.br\/index.php\/2021\/01\/15\/cefaleia-hipnica\/","title":{"rendered":"Cefaleia h\u00edpnica"},"content":{"rendered":"\t\t<div data-elementor-type=\"wp-post\" data-elementor-id=\"619\" class=\"elementor elementor-619\">\n\t\t\t\t\t\t<section class=\"elementor-section elementor-top-section elementor-element elementor-element-b030a28 elementor-section-boxed elementor-section-height-default elementor-section-height-default wpr-particle-no wpr-jarallax-no wpr-parallax-no wpr-sticky-section-no wpr-equal-height-no\" data-id=\"b030a28\" data-element_type=\"section\" data-settings=\"{&quot;background_background&quot;:&quot;classic&quot;}\">\n\t\t\t\t\t\t<div class=\"elementor-container elementor-column-gap-default\">\n\t\t\t\t\t<div class=\"elementor-column elementor-col-50 elementor-top-column elementor-element elementor-element-7d905de\" data-id=\"7d905de\" data-element_type=\"column\">\n\t\t\t<div class=\"elementor-widget-wrap elementor-element-populated\">\n\t\t\t\t\t\t<div class=\"elementor-element elementor-element-0e59a78 elementor-widget elementor-widget-image\" data-id=\"0e59a78\" data-element_type=\"widget\" data-widget_type=\"image.default\">\n\t\t\t\t<div class=\"elementor-widget-container\">\n\t\t\t\t\t\t\t\t\t\t\t\t\t<img fetchpriority=\"high\" decoding=\"async\" width=\"490\" height=\"490\" src=\"https:\/\/drandremansano.com.br\/wp-content\/uploads\/2021\/01\/icone-dor-de-cabeca.png\" class=\"attachment-large size-large wp-image-1713\" alt=\"\" srcset=\"https:\/\/drandremansano.com.br\/wp-content\/uploads\/2021\/01\/icone-dor-de-cabeca.png 490w, https:\/\/drandremansano.com.br\/wp-content\/uploads\/2021\/01\/icone-dor-de-cabeca-300x300.png 300w, https:\/\/drandremansano.com.br\/wp-content\/uploads\/2021\/01\/icone-dor-de-cabeca-150x150.png 150w\" sizes=\"(max-width: 490px) 100vw, 490px\" \/>\t\t\t\t\t\t\t\t\t\t\t\t\t<\/div>\n\t\t\t\t<\/div>\n\t\t\t\t\t<\/div>\n\t\t<\/div>\n\t\t\t\t<div class=\"elementor-column elementor-col-50 elementor-top-column elementor-element elementor-element-89f44bf\" data-id=\"89f44bf\" data-element_type=\"column\">\n\t\t\t<div class=\"elementor-widget-wrap elementor-element-populated\">\n\t\t\t\t\t\t<div class=\"elementor-element elementor-element-36a2f16 elementor-widget elementor-widget-heading\" data-id=\"36a2f16\" data-element_type=\"widget\" data-widget_type=\"heading.default\">\n\t\t\t\t<div class=\"elementor-widget-container\">\n\t\t\t<h2 class=\"elementor-heading-title elementor-size-default\">Cefaleia h\u00edpnica<\/h2>\t\t<\/div>\n\t\t\t\t<\/div>\n\t\t\t\t\t<\/div>\n\t\t<\/div>\n\t\t\t\t\t<\/div>\n\t\t<\/section>\n\t\t\t\t<section class=\"elementor-section elementor-top-section elementor-element elementor-element-3cfe6b3e elementor-section-boxed elementor-section-height-default elementor-section-height-default wpr-particle-no wpr-jarallax-no wpr-parallax-no wpr-sticky-section-no wpr-equal-height-no\" data-id=\"3cfe6b3e\" data-element_type=\"section\">\n\t\t\t\t\t\t\t<div class=\"elementor-background-overlay\"><\/div>\n\t\t\t\t\t\t\t<div class=\"elementor-container elementor-column-gap-default\">\n\t\t\t\t\t<div class=\"elementor-column elementor-col-100 elementor-top-column elementor-element elementor-element-dcccf4\" data-id=\"dcccf4\" data-element_type=\"column\">\n\t\t\t<div class=\"elementor-widget-wrap elementor-element-populated\">\n\t\t\t\t\t\t<div class=\"elementor-element elementor-element-db8e278 elementor-widget-divider--view-line elementor-widget elementor-widget-divider\" data-id=\"db8e278\" data-element_type=\"widget\" data-widget_type=\"divider.default\">\n\t\t\t\t<div class=\"elementor-widget-container\">\n\t\t\t\t\t<div class=\"elementor-divider\">\n\t\t\t<span class=\"elementor-divider-separator\">\n\t\t\t\t\t\t<\/span>\n\t\t<\/div>\n\t\t\t\t<\/div>\n\t\t\t\t<\/div>\n\t\t\t\t<div class=\"elementor-element elementor-element-bcea57e elementor-widget elementor-widget-heading\" data-id=\"bcea57e\" data-element_type=\"widget\" data-widget_type=\"heading.default\">\n\t\t\t\t<div class=\"elementor-widget-container\">\n\t\t\t<h2 class=\"elementor-heading-title elementor-size-default\">Cefaleia h\u00edpnica \u2013 a dor de cabe\u00e7a que te acorda de madrugada<\/h2>\t\t<\/div>\n\t\t\t\t<\/div>\n\t\t\t\t<div class=\"elementor-element elementor-element-6bc06085 elementor-widget elementor-widget-text-editor\" data-id=\"6bc06085\" data-element_type=\"widget\" data-widget_type=\"text-editor.default\">\n\t\t\t\t<div class=\"elementor-widget-container\">\n\t\t\t\t\t\t\t<p><!-- wp:heading --><\/p>\n<h2><img decoding=\"async\" style=\"font-size: 16px;\" src=\"https:\/\/drandremansano.com.br\/wp-content\/uploads\/2021\/02\/como-tratar-cefaleia-hipinica.jpg\" \/><\/h2>\n<p><!-- \/wp:heading --><!-- wp:paragraph --><\/p>\n<p>A marca registrada da cefaleia h\u00edpnica \u00e9 a ocorr\u00eancia de dores de cabe\u00e7a exclusivamente durante o sono e que acorda o paciente. \u00c9 conhecida tamb\u00e9m como \u201calarm clock headache\u201d, do ingl\u00eas \u201cdor de cabe\u00e7a despertador\u201d.\u00a0<\/p>\n<p><!-- \/wp:paragraph --><!-- wp:paragraph --><\/p>\n<p>Usualmente \u00e9 um tipo de dor de cabe\u00e7a que se inicia ap\u00f3s os 50 anos de idade e sua ocorr\u00eancia \u00e9 mais rara, algo entre 0,07 a 0,35% da popula\u00e7\u00e3o e acontece duas vezes mais nas mulheres do que nos homens.<\/p>\n<p><!-- \/wp:paragraph --><\/p>\t\t\t\t\t\t<\/div>\n\t\t\t\t<\/div>\n\t\t\t\t<div class=\"elementor-element elementor-element-2b89b64 elementor-widget elementor-widget-toggle\" data-id=\"2b89b64\" data-element_type=\"widget\" data-widget_type=\"toggle.default\">\n\t\t\t\t<div class=\"elementor-widget-container\">\n\t\t\t\t\t<div class=\"elementor-toggle\">\n\t\t\t\t\t\t\t<div class=\"elementor-toggle-item\">\n\t\t\t\t\t<div id=\"elementor-tab-title-4561\" class=\"elementor-tab-title\" data-tab=\"1\" role=\"button\" aria-controls=\"elementor-tab-content-4561\" aria-expanded=\"false\">\n\t\t\t\t\t\t\t\t\t\t\t\t<span class=\"elementor-toggle-icon elementor-toggle-icon-right\" aria-hidden=\"true\">\n\t\t\t\t\t\t\t\t\t\t\t\t\t\t\t<span class=\"elementor-toggle-icon-closed\"><i class=\"fas fa-plus-circle\"><\/i><\/span>\n\t\t\t\t\t\t\t\t<span class=\"elementor-toggle-icon-opened\"><i class=\"elementor-toggle-icon-opened fas fa-plus\"><\/i><\/span>\n\t\t\t\t\t\t\t\t\t\t\t\t\t<\/span>\n\t\t\t\t\t\t\t\t\t\t\t\t<a class=\"elementor-toggle-title\" tabindex=\"0\">O QUE O PACIENTE COM CEFALEIA H\u00cdPNICA SENTE?<\/a>\n\t\t\t\t\t<\/div>\n\n\t\t\t\t\t<div id=\"elementor-tab-content-4561\" class=\"elementor-tab-content elementor-clearfix\" data-tab=\"1\" role=\"region\" aria-labelledby=\"elementor-tab-title-4561\"><p>O paciente com cefaleia h\u00edpnica sofre com dores de cabe\u00e7a que ocorrem apenas durante o sono, acordando-o. As crises duram ao menos 15 minutos ap\u00f3s o acordar e geralmente acontecem pelo menos em 10 dias no m\u00eas. Um estudo avaliou 250 pacientes com esse tipo de dor de cabe\u00e7a e mostrou que:<\/p>\n<ul>\n<li>A idade m\u00e9dia de in\u00edcio das dores foi de 61 anos<\/li>\n<li>A dura\u00e7\u00e3o m\u00e9dia das crises foi de 162 min<\/li>\n<li>A frequ\u00eancia m\u00e9dia das crises foi de 21 por m\u00eas<\/li>\n<li>A intensidade das dores foi leve em 6%, moderada em 60% e intensa em 34% dos pacientes<\/li>\n<li>A caracter\u00edstica das dores foi \u201cem peso\u201d em 69%, latejante em 26% e tipo facada ou queima\u00e7\u00e3o em 5%<\/li>\n<li>As dores foram dois lados da cabe\u00e7a em 68% e de um lado s\u00f3 em 32%<br \/><br \/><\/li>\n<\/ul>\n<figure class=\"wp-block-image\"><img decoding=\"async\" src=\"https:\/\/drandremansano.com.br\/wp-content\/uploads\/2021\/02\/image1-4.jpg\" \/><\/figure>\n<p>\u00a0<\/p>\n<p>Figura 1: Intensidade das dores da cefaleia h\u00edpnica.<\/p><\/div>\n\t\t\t\t<\/div>\n\t\t\t\t\t\t\t<div class=\"elementor-toggle-item\">\n\t\t\t\t\t<div id=\"elementor-tab-title-4562\" class=\"elementor-tab-title\" data-tab=\"2\" role=\"button\" aria-controls=\"elementor-tab-content-4562\" aria-expanded=\"false\">\n\t\t\t\t\t\t\t\t\t\t\t\t<span class=\"elementor-toggle-icon elementor-toggle-icon-right\" aria-hidden=\"true\">\n\t\t\t\t\t\t\t\t\t\t\t\t\t\t\t<span class=\"elementor-toggle-icon-closed\"><i class=\"fas fa-plus-circle\"><\/i><\/span>\n\t\t\t\t\t\t\t\t<span class=\"elementor-toggle-icon-opened\"><i class=\"elementor-toggle-icon-opened fas fa-plus\"><\/i><\/span>\n\t\t\t\t\t\t\t\t\t\t\t\t\t<\/span>\n\t\t\t\t\t\t\t\t\t\t\t\t<a class=\"elementor-toggle-title\" tabindex=\"0\">COMO FAZER O DIAGN\u00d3STICO?<\/a>\n\t\t\t\t\t<\/div>\n\n\t\t\t\t\t<div id=\"elementor-tab-content-4562\" class=\"elementor-tab-content elementor-clearfix\" data-tab=\"2\" role=\"region\" aria-labelledby=\"elementor-tab-title-4562\"><p>O diagn\u00f3stico da cefaleia h\u00edpnica \u00e9 feito atrav\u00e9s das caracter\u00edsticas cl\u00ednicas relatadas pelo pr\u00f3prio paciente. Basicamente suspeitamos do problema quando o paciente come\u00e7a com esse tipo de dor ap\u00f3s os 50 anos. \u00c9 importante que o paciente seja submetido a um exame de imagem, como a resson\u00e2ncia nuclear magn\u00e9tica, para que seja m descartados problemas mais graves.<\/p><\/div>\n\t\t\t\t<\/div>\n\t\t\t\t\t\t\t<div class=\"elementor-toggle-item\">\n\t\t\t\t\t<div id=\"elementor-tab-title-4563\" class=\"elementor-tab-title\" data-tab=\"3\" role=\"button\" aria-controls=\"elementor-tab-content-4563\" aria-expanded=\"false\">\n\t\t\t\t\t\t\t\t\t\t\t\t<span class=\"elementor-toggle-icon elementor-toggle-icon-right\" aria-hidden=\"true\">\n\t\t\t\t\t\t\t\t\t\t\t\t\t\t\t<span class=\"elementor-toggle-icon-closed\"><i class=\"fas fa-plus-circle\"><\/i><\/span>\n\t\t\t\t\t\t\t\t<span class=\"elementor-toggle-icon-opened\"><i class=\"elementor-toggle-icon-opened fas fa-plus\"><\/i><\/span>\n\t\t\t\t\t\t\t\t\t\t\t\t\t<\/span>\n\t\t\t\t\t\t\t\t\t\t\t\t<a class=\"elementor-toggle-title\" tabindex=\"0\">TRATAMENTO<\/a>\n\t\t\t\t\t<\/div>\n\n\t\t\t\t\t<div id=\"elementor-tab-content-4563\" class=\"elementor-tab-content elementor-clearfix\" data-tab=\"3\" role=\"region\" aria-labelledby=\"elementor-tab-title-4563\"><p>Por se tratar de uma dor de cabe\u00e7a um pouco mais rara, acabamos tendo poucos estudos a respeito do seu tratamento. Os tratamentos mais aceitos, atualmente, \u00e9 o uso de cafe\u00edna antes de dormir associado a um anti-inflamat\u00f3rio chamado indometacina. \u00c9 muito importante que o paciente n\u00e3o se automedique.<\/p><\/div>\n\t\t\t\t<\/div>\n\t\t\t\t\t\t\t<div class=\"elementor-toggle-item\">\n\t\t\t\t\t<div id=\"elementor-tab-title-4564\" class=\"elementor-tab-title\" data-tab=\"4\" role=\"button\" aria-controls=\"elementor-tab-content-4564\" aria-expanded=\"false\">\n\t\t\t\t\t\t\t\t\t\t\t\t<span class=\"elementor-toggle-icon elementor-toggle-icon-right\" aria-hidden=\"true\">\n\t\t\t\t\t\t\t\t\t\t\t\t\t\t\t<span class=\"elementor-toggle-icon-closed\"><i class=\"fas fa-plus-circle\"><\/i><\/span>\n\t\t\t\t\t\t\t\t<span class=\"elementor-toggle-icon-opened\"><i class=\"elementor-toggle-icon-opened fas fa-plus\"><\/i><\/span>\n\t\t\t\t\t\t\t\t\t\t\t\t\t<\/span>\n\t\t\t\t\t\t\t\t\t\t\t\t<a class=\"elementor-toggle-title\" tabindex=\"0\">AS CRISES PODEM PASSAR COM O TEMPO?<\/a>\n\t\t\t\t\t<\/div>\n\n\t\t\t\t\t<div id=\"elementor-tab-content-4564\" class=\"elementor-tab-content elementor-clearfix\" data-tab=\"4\" role=\"region\" aria-labelledby=\"elementor-tab-title-4564\"><p>Essa \u00e9 uma pergunta bastante comum quando o paciente recebe um diagn\u00f3stico. Eu terei isso para sempre? Quais as chances de eu me curar? Um estudo que avaliou 72 pacientes nos mostrou os seguintes dados:<\/p>\n<ul>\n<li>47% dos pacientes n\u00e3o se curaram, ou seja, precisaram continuar com os analg\u00e9sicos<\/li>\n<li>43% dos pacientes n\u00e3o tiveram mais crises depois de um tempo de tratamento<\/li>\n<li>7% dos pacientes voltaram a sentir dores ap\u00f3s um per\u00edodo de al\u00edvio<\/li>\n<li>3% dos pacientes tiveram cura espont\u00e2nea<\/li>\n<\/ul>\n<p>&nbsp;<\/p>\n<p class=\"referencia\">REFER\u00caNCIAS BIBLIOGR\u00c1FICAS<sup>1\u20134<br \/><\/sup>1. Liang, J.-F. &amp; Wang, S.-J. Hypnic headache: a review of clinical features, therapeutic options and outcomes.\u00a0<em>Cephalalgia<\/em>\u00a0<strong>34<\/strong>, 795\u2013805 (2014).<br \/>2. Holle, D., Naegel, S. &amp; Obermann, M. Hypnic headache. <em>Cephalalgia<\/em>\u00a0<strong>33<\/strong>, 1349\u20131357 (2013).<br \/>3. Holle, D., Naegel, S. &amp; Obermann, M. Pathophysiology of hypnic headache. <em>Cephalalgia<\/em>\u00a0<strong>34<\/strong>, 806\u201312 (2014).<br \/>4. De Simone, R., Marano, E., Ranieri, A. &amp; Bonavita, V. Hypnic headache: an update. <em>Neurol. Sci.<\/em>\u00a0<strong>27 Suppl 2<\/strong>, S144-8 (2006).<\/p><\/div>\n\t\t\t\t<\/div>\n\t\t\t\t\t\t\t\t<\/div>\n\t\t\t\t<\/div>\n\t\t\t\t<\/div>\n\t\t\t\t\t<\/div>\n\t\t<\/div>\n\t\t\t\t\t<\/div>\n\t\t<\/section>\n\t\t\t\t<\/div>\n\t\t","protected":false},"excerpt":{"rendered":"<p>Cefaleia h\u00edpnica Cefaleia h\u00edpnica \u2013 a dor de cabe\u00e7a que te acorda de madrugada A marca registrada da cefaleia h\u00edpnica \u00e9 a ocorr\u00eancia de dores de cabe\u00e7a exclusivamente durante o sono e que acorda o paciente. \u00c9 conhecida tamb\u00e9m como \u201calarm clock headache\u201d, do ingl\u00eas \u201cdor de cabe\u00e7a despertador\u201d.\u00a0 Usualmente \u00e9 um tipo de dor de cabe\u00e7a que se inicia ap\u00f3s os 50 anos de idade e sua ocorr\u00eancia \u00e9 mais rara, algo entre 0,07 a 0,35% da popula\u00e7\u00e3o e acontece duas vezes mais nas mulheres do que nos homens. O QUE O PACIENTE COM CEFALEIA H\u00cdPNICA SENTE? O paciente com cefaleia h\u00edpnica sofre com dores de cabe\u00e7a que ocorrem apenas durante o sono, acordando-o. As crises duram ao menos 15 minutos ap\u00f3s o acordar e geralmente acontecem pelo menos em 10 dias no m\u00eas. Um estudo avaliou 250 pacientes com esse tipo de dor de cabe\u00e7a e mostrou que: A idade m\u00e9dia de in\u00edcio das dores foi de 61 anos A dura\u00e7\u00e3o m\u00e9dia das crises foi de 162 min A frequ\u00eancia m\u00e9dia das crises foi de 21 por m\u00eas A intensidade das dores foi leve em 6%, moderada em 60% e intensa em 34% dos pacientes A caracter\u00edstica das dores foi \u201cem peso\u201d em 69%, latejante em 26% e tipo facada ou queima\u00e7\u00e3o em 5% As dores foram dois lados da cabe\u00e7a em 68% e de um lado s\u00f3 em 32% \u00a0 Figura 1: Intensidade das dores da cefaleia h\u00edpnica. COMO FAZER O DIAGN\u00d3STICO? O diagn\u00f3stico da cefaleia h\u00edpnica \u00e9 feito atrav\u00e9s das caracter\u00edsticas cl\u00ednicas relatadas pelo pr\u00f3prio paciente. Basicamente suspeitamos do problema quando o paciente come\u00e7a com esse tipo de dor ap\u00f3s os 50 anos. \u00c9 importante que o paciente seja submetido a um exame de imagem, como a resson\u00e2ncia nuclear magn\u00e9tica, para que seja m descartados problemas mais graves. TRATAMENTO Por se tratar de uma dor de cabe\u00e7a um pouco mais rara, acabamos tendo poucos estudos a respeito do seu tratamento. Os tratamentos mais aceitos, atualmente, \u00e9 o uso de cafe\u00edna antes de dormir associado a um anti-inflamat\u00f3rio chamado indometacina. \u00c9 muito importante que o paciente n\u00e3o se automedique. AS CRISES PODEM PASSAR COM O TEMPO? Essa \u00e9 uma pergunta bastante comum quando o paciente recebe um diagn\u00f3stico. Eu terei isso para sempre? Quais as chances de eu me curar? Um estudo que avaliou 72 pacientes nos mostrou os seguintes dados: 47% dos pacientes n\u00e3o se curaram, ou seja, precisaram continuar com os analg\u00e9sicos 43% dos pacientes n\u00e3o tiveram mais crises depois de um tempo de tratamento 7% dos pacientes voltaram a sentir dores ap\u00f3s um per\u00edodo de al\u00edvio 3% dos pacientes tiveram cura espont\u00e2nea &nbsp; REFER\u00caNCIAS BIBLIOGR\u00c1FICAS1\u201341. Liang, J.-F. &amp; Wang, S.-J. Hypnic headache: a review of clinical features, therapeutic options and outcomes.\u00a0Cephalalgia\u00a034, 795\u2013805 (2014).2. Holle, D., Naegel, S. &amp; Obermann, M. Hypnic headache. Cephalalgia\u00a033, 1349\u20131357 (2013).3. Holle, D., Naegel, S. &amp; Obermann, M. Pathophysiology of hypnic headache. Cephalalgia\u00a034, 806\u201312 (2014).4. De Simone, R., Marano, E., Ranieri, A. &amp; Bonavita, V. Hypnic headache: an update. Neurol. Sci.\u00a027 Suppl 2, S144-8 (2006).<\/p>\n","protected":false},"author":1,"featured_media":723,"comment_status":"open","ping_status":"open","sticky":false,"template":"elementor_header_footer","format":"standard","meta":{"_joinchat":[],"footnotes":""},"categories":[4],"tags":[],"class_list":["post-619","post","type-post","status-publish","format-standard","has-post-thumbnail","hentry","category-dores-de-cabeca"],"_links":{"self":[{"href":"https:\/\/drandremansano.com.br\/index.php\/wp-json\/wp\/v2\/posts\/619"}],"collection":[{"href":"https:\/\/drandremansano.com.br\/index.php\/wp-json\/wp\/v2\/posts"}],"about":[{"href":"https:\/\/drandremansano.com.br\/index.php\/wp-json\/wp\/v2\/types\/post"}],"author":[{"embeddable":true,"href":"https:\/\/drandremansano.com.br\/index.php\/wp-json\/wp\/v2\/users\/1"}],"replies":[{"embeddable":true,"href":"https:\/\/drandremansano.com.br\/index.php\/wp-json\/wp\/v2\/comments?post=619"}],"version-history":[{"count":0,"href":"https:\/\/drandremansano.com.br\/index.php\/wp-json\/wp\/v2\/posts\/619\/revisions"}],"wp:featuredmedia":[{"embeddable":true,"href":"https:\/\/drandremansano.com.br\/index.php\/wp-json\/wp\/v2\/media\/723"}],"wp:attachment":[{"href":"https:\/\/drandremansano.com.br\/index.php\/wp-json\/wp\/v2\/media?parent=619"}],"wp:term":[{"taxonomy":"category","embeddable":true,"href":"https:\/\/drandremansano.com.br\/index.php\/wp-json\/wp\/v2\/categories?post=619"},{"taxonomy":"post_tag","embeddable":true,"href":"https:\/\/drandremansano.com.br\/index.php\/wp-json\/wp\/v2\/tags?post=619"}],"curies":[{"name":"wp","href":"https:\/\/api.w.org\/{rel}","templated":true}]}}